{"id":2106,"date":"2024-10-24T14:33:45","date_gmt":"2024-10-24T14:33:45","guid":{"rendered":"https:\/\/mibricogarden.com\/blog\/?p=2106"},"modified":"2024-10-24T14:33:45","modified_gmt":"2024-10-24T14:33:45","slug":"crear-un-jardin-vertical-en-otono","status":"publish","type":"post","link":"https:\/\/mibricogarden.com\/blog\/?p=2106","title":{"rendered":"Crear un Jard\u00edn Vertical en Oto\u00f1o"},"content":{"rendered":"<p style=\"text-align: justify;\">El oto\u00f1o es una \u00e9poca perfecta para comenzar un proyecto de jard\u00edn vertical. Aunque las temperaturas empiezan a descender, puedes aprovechar los meses m\u00e1s frescos para crear un espacio verde que aporte frescura y color a tu hogar durante todo el a\u00f1o. Adem\u00e1s, <strong>crear un jard\u00edn vertical en oto\u00f1o<\/strong> te permite aprovechar las \u00faltimas semanas de buenas temperaturas antes de la llegada del fr\u00edo.<\/p>\n<p style=\"text-align: justify;\">En esta gu\u00eda, te explicamos c\u00f3mo puedes comenzar con tu propio jard\u00edn vertical y qu\u00e9 plantas y materiales son los mejores para esta estaci\u00f3n.<\/p>\n<p style=\"text-align: center;\"><a href=\"https:\/\/www.mibricogarden.com\/\"><img loading=\"lazy\" decoding=\"async\" class=\"aligncenter wp-image-2111 size-large\" src=\"https:\/\/mibricogarden.com\/blog\/wp-content\/uploads\/2024\/10\/crear-un-jardin-vertical-en-otono-1024x683.jpg\" alt=\"crear un jard\u00edn vertical en oto\u00f1o\" width=\"810\" height=\"540\" srcset=\"https:\/\/mibricogarden.com\/blog\/wp-content\/uploads\/2024\/10\/crear-un-jardin-vertical-en-otono-1024x683.jpg 1024w, https:\/\/mibricogarden.com\/blog\/wp-content\/uploads\/2024\/10\/crear-un-jardin-vertical-en-otono-300x200.jpg 300w, https:\/\/mibricogarden.com\/blog\/wp-content\/uploads\/2024\/10\/crear-un-jardin-vertical-en-otono-768x512.jpg 768w, https:\/\/mibricogarden.com\/blog\/wp-content\/uploads\/2024\/10\/crear-un-jardin-vertical-en-otono-1536x1024.jpg 1536w, https:\/\/mibricogarden.com\/blog\/wp-content\/uploads\/2024\/10\/crear-un-jardin-vertical-en-otono-2048x1365.jpg 2048w, https:\/\/mibricogarden.com\/blog\/wp-content\/uploads\/2024\/10\/crear-un-jardin-vertical-en-otono-120x80.jpg 120w\" sizes=\"auto, (max-width: 810px) 100vw, 810px\" \/><\/a><\/p>\n<h1>\u00bfPor Qu\u00e9 Crear un Jard\u00edn Vertical en Oto\u00f1o?<\/h1>\n<p style=\"text-align: justify;\">El oto\u00f1o es el momento ideal para comenzar a planificar un jard\u00edn vertical, ya que puedes aprovechar plantas que resisten bien las temperaturas m\u00e1s bajas y que aportan un toque decorativo a tus paredes exteriores o interiores. Adem\u00e1s, un jard\u00edn vertical te permite optimizar el espacio disponible en terrazas o patios peque\u00f1os, creando un oasis verde sin necesidad de un gran terreno.<\/p>\n<p>Los beneficios de un jard\u00edn vertical en oto\u00f1o incluyen:<\/p>\n<ul>\n<li style=\"list-style-type: none;\">\n<ul>\n<li>Mejor control del crecimiento de las plantas.<\/li>\n<li>Reducci\u00f3n de la erosi\u00f3n en suelos.<\/li>\n<li style=\"text-align: justify;\">Aislamiento t\u00e9rmico en las paredes donde se instalan, ayudando a reducir la p\u00e9rdida de calor.<\/li>\n<li>Un impacto visual impresionante que se mantiene durante el invierno.<\/li>\n<\/ul>\n<\/li>\n<\/ul>\n<h2>\u00bfQu\u00e9 Plantas Elegir?<\/h2>\n<p style=\"text-align: justify;\">Al crear un <a href=\"https:\/\/mibricogarden.com\/blog\/?cat=14\">jard\u00edn<\/a> vertical en oto\u00f1o, es importante elegir plantas que prosperen en climas m\u00e1s frescos y que sean relativamente f\u00e1ciles de mantener. Algunas excelentes opciones para esta \u00e9poca del a\u00f1o incluyen:<\/p>\n<ul>\n<li style=\"list-style-type: none;\">\n<ul>\n<li><strong>Helechos<\/strong>:\n<ul>\n<li>Aportan verdor y resisten bien las bajas temperaturas.<\/li>\n<\/ul>\n<\/li>\n<li><strong>Hiedra inglesa<\/strong>:\n<ul>\n<li>Ideal para cubrir grandes superficies y crecer r\u00e1pidamente.<\/li>\n<\/ul>\n<\/li>\n<li><strong>Cyclamen<\/strong>:\n<ul>\n<li style=\"text-align: justify;\">Con sus colores vibrantes, esta planta es perfecta para darle vida a tu jard\u00edn en oto\u00f1o.<\/li>\n<\/ul>\n<\/li>\n<li><strong>Suculentas<\/strong>:\n<ul>\n<li style=\"text-align: justify;\">Su bajo mantenimiento las convierte en una excelente opci\u00f3n para jardines verticales y algunas variedades son bastante resistentes al fr\u00edo.<\/li>\n<\/ul>\n<\/li>\n<\/ul>\n<\/li>\n<\/ul>\n<p style=\"text-align: center;\"><a href=\"https:\/\/www.mibricogarden.com\/\"><img loading=\"lazy\" decoding=\"async\" class=\"aligncenter wp-image-2115 size-large\" src=\"https:\/\/mibricogarden.com\/blog\/wp-content\/uploads\/2024\/10\/crear-un-jardin-vertical-en-otono-1-1024x683.jpg\" alt=\"crear un jard\u00edn vertical en oto\u00f1o\" width=\"810\" height=\"540\" srcset=\"https:\/\/mibricogarden.com\/blog\/wp-content\/uploads\/2024\/10\/crear-un-jardin-vertical-en-otono-1-1024x683.jpg 1024w, https:\/\/mibricogarden.com\/blog\/wp-content\/uploads\/2024\/10\/crear-un-jardin-vertical-en-otono-1-300x200.jpg 300w, https:\/\/mibricogarden.com\/blog\/wp-content\/uploads\/2024\/10\/crear-un-jardin-vertical-en-otono-1-768x512.jpg 768w, https:\/\/mibricogarden.com\/blog\/wp-content\/uploads\/2024\/10\/crear-un-jardin-vertical-en-otono-1-1536x1024.jpg 1536w, https:\/\/mibricogarden.com\/blog\/wp-content\/uploads\/2024\/10\/crear-un-jardin-vertical-en-otono-1-2048x1365.jpg 2048w, https:\/\/mibricogarden.com\/blog\/wp-content\/uploads\/2024\/10\/crear-un-jardin-vertical-en-otono-1-120x80.jpg 120w\" sizes=\"auto, (max-width: 810px) 100vw, 810px\" \/><\/a><\/p>\n<h3>Materiales y Herramientas para Crear tu Jard\u00edn Vertical<\/h3>\n<p style=\"text-align: justify;\">Para comenzar a <strong>crear un jard\u00edn vertical en oto\u00f1o<\/strong>, necesitar\u00e1s una serie de materiales y herramientas b\u00e1sicas que faciliten el proceso. Aseg\u00farate de tener:<\/p>\n<ul>\n<li style=\"list-style-type: none;\">\n<ul>\n<li><strong>Estructura de soporte<\/strong>:\n<ul>\n<li style=\"text-align: justify;\">Puedes usar estantes, paneles de madera o estructuras de metal que se adhieran a la pared.<\/li>\n<\/ul>\n<\/li>\n<li><strong>Macetas peque\u00f1as o bolsillos de jardiner\u00eda<\/strong>:\n<ul>\n<li>Ideales para contener las plantas y garantizar su drenaje adecuado.<\/li>\n<\/ul>\n<\/li>\n<li><strong>Sistema de riego<\/strong>:\n<ul>\n<li>Considera instalar un riego por goteo para facilitar el mantenimiento de las plantas en las estaciones fr\u00edas.<\/li>\n<\/ul>\n<\/li>\n<li><strong>Sustrato de calidad<\/strong>:\n<ul>\n<li style=\"text-align: justify;\">Aseg\u00farate de usar tierra rica en nutrientes para que las plantas crezcan fuertes y saludables.<\/li>\n<\/ul>\n<\/li>\n<\/ul>\n<\/li>\n<\/ul>\n<h4>\u00bfC\u00f3mo Mantener tu Jard\u00edn Vertical durante el Oto\u00f1o?<\/h4>\n<p style=\"text-align: justify;\">El mantenimiento de tu jard\u00edn vertical en oto\u00f1o es fundamental para que las plantas prosperen durante los meses fr\u00edos. Aqu\u00ed te dejamos algunos consejos \u00fatiles:<\/p>\n<ul>\n<li style=\"list-style-type: none;\">\n<ul>\n<li><strong>Riego moderado<\/strong>:\n<ul>\n<li style=\"text-align: justify;\">En oto\u00f1o, las plantas requieren menos riego que en verano, as\u00ed que aseg\u00farate de no regarlas en exceso.<\/li>\n<\/ul>\n<\/li>\n<li><strong>Limpieza de hojas secas<\/strong>:\n<ul>\n<li style=\"text-align: justify;\">Retira las hojas muertas y limpia la estructura regularmente para evitar la acumulaci\u00f3n de residuos.<\/li>\n<\/ul>\n<\/li>\n<li><strong>Protecci\u00f3n contra heladas<\/strong>:\n<ul>\n<li style=\"text-align: justify;\">Si vives en una zona con heladas, protege las plantas m\u00e1s delicadas con telas o ub\u00edcalas en un lugar resguardado.<\/li>\n<\/ul>\n<\/li>\n<\/ul>\n<\/li>\n<\/ul>\n<h5>Aprovecha el Oto\u00f1o para Renovar tu Jard\u00edn<\/h5>\n<p style=\"text-align: justify;\">Si ya tienes un jard\u00edn vertical, el oto\u00f1o es una excelente oportunidad para renovar las plantas y a\u00f1adir especies de temporada. Introduce flores de oto\u00f1o o plantas de follaje que aporten color y textura durante el invierno.<\/p>\n<p style=\"text-align: justify;\"><strong>Crear un jard\u00edn vertical en oto\u00f1o<\/strong> es un proyecto ideal para aprovechar el espacio en casa y disfrutar de un rinc\u00f3n verde incluso en los meses m\u00e1s fr\u00edos. Escoge las plantas adecuadas, usa los materiales correctos y cuida tu jard\u00edn para mantenerlo en \u00f3ptimas condiciones.<\/p>\n<p style=\"text-align: center;\">\u00a1An\u00edmate a comenzar tu propio jard\u00edn vertical y comparte tu experiencia en los comentarios!<\/p>\n<p style=\"text-align: center;\"><a href=\"https:\/\/www.mibricogarden.com\/\">www.mibricogarden.com<\/a><\/p>\n","protected":false},"excerpt":{"rendered":"<p>El oto\u00f1o es una \u00e9poca perfecta para comenzar un proyecto de jard\u00edn vertical. Aunque las temperaturas empiezan a descender, puedes aprovechar los meses m\u00e1s frescos para crear un espacio verde que aporte frescura y color a tu hogar durante todo el a\u00f1o. Adem\u00e1s, crear un jard\u00edn vertical en oto\u00f1o te permite aprovechar las \u00faltimas semanas [&hellip;]<\/p>\n","protected":false},"author":2,"featured_media":2115,"comment_status":"open","ping_status":"closed","sticky":false,"template":"","format":"standard","meta":{"footnotes":""},"categories":[22,14],"tags":[51,38,54,55],"class_list":["post-2106","post","type-post","status-publish","format-standard","has-post-thumbnail","hentry","category-cuidado-de-tu-jardin","category-jardin","tag-diseno-de-jardines","tag-jardin","tag-jardineria","tag-proyectos-para-tu-jardin"],"yoast_head":"<!-- This site is optimized with the Yoast SEO plugin v27.5 - https:\/\/yoast.com\/product\/yoast-seo-wordpress\/ -->\n<title>Crear un Jard\u00edn Vertical en Oto\u00f1o<\/title>\n<meta name=\"description\" content=\"Crea un rinc\u00f3n verde y acogedor este oto\u00f1o con una jard\u00edn vertical. Aprende paso a paso c\u00f3mo crear un jard\u00edn vertical en oto\u00f1o.\" \/>\n<meta name=\"robots\" content=\"index, follow, max-snippet:-1, max-image-preview:large, max-video-preview:-1\" \/>\n<link rel=\"canonical\" href=\"https:\/\/mibricogarden.com\/blog\/?p=2106\" \/>\n<meta property=\"og:locale\" content=\"es_ES\" \/>\n<meta property=\"og:type\" content=\"article\" \/>\n<meta property=\"og:title\" content=\"Crear un Jard\u00edn Vertical en Oto\u00f1o\" \/>\n<meta property=\"og:description\" content=\"Crea un rinc\u00f3n verde y acogedor este oto\u00f1o con una jard\u00edn vertical. Aprende paso a paso c\u00f3mo crear un jard\u00edn vertical en oto\u00f1o.\" \/>\n<meta property=\"og:url\" content=\"https:\/\/mibricogarden.com\/blog\/?p=2106\" \/>\n<meta property=\"article:publisher\" content=\"https:\/\/www.facebook.com\/p\/Mibricogarden-100068009708725\/\" \/>\n<meta property=\"article:published_time\" content=\"2024-10-24T14:33:45+00:00\" \/>\n<meta property=\"og:image\" content=\"https:\/\/mibricogarden.com\/blog\/wp-content\/uploads\/2024\/10\/crear-un-jardin-vertical-en-otono-1-scaled.jpg\" \/>\n\t<meta property=\"og:image:width\" content=\"2560\" \/>\n\t<meta property=\"og:image:height\" content=\"1707\" \/>\n\t<meta property=\"og:image:type\" content=\"image\/jpeg\" \/>\n<meta name=\"author\" content=\"Mibricogarden\" \/>\n<meta name=\"twitter:card\" content=\"summary_large_image\" \/>\n<meta name=\"twitter:label1\" content=\"Escrito por\" \/>\n\t<meta name=\"twitter:data1\" content=\"Mibricogarden\" \/>\n\t<meta name=\"twitter:label2\" content=\"Tiempo de lectura\" \/>\n\t<meta name=\"twitter:data2\" content=\"4 minutos\" \/>\n<script type=\"application\/ld+json\" class=\"yoast-schema-graph\">{\"@context\":\"https:\\\/\\\/schema.org\",\"@graph\":[{\"@type\":\"Article\",\"@id\":\"https:\\\/\\\/mibricogarden.com\\\/blog\\\/?p=2106#article\",\"isPartOf\":{\"@id\":\"https:\\\/\\\/mibricogarden.com\\\/blog\\\/?p=2106\"},\"author\":{\"name\":\"Mibricogarden\",\"@id\":\"https:\\\/\\\/mibricogarden.com\\\/blog\\\/#\\\/schema\\\/person\\\/be5e5f0e1e95446950f47a181c9ab07b\"},\"headline\":\"Crear un Jard\u00edn Vertical en Oto\u00f1o\",\"datePublished\":\"2024-10-24T14:33:45+00:00\",\"mainEntityOfPage\":{\"@id\":\"https:\\\/\\\/mibricogarden.com\\\/blog\\\/?p=2106\"},\"wordCount\":684,\"commentCount\":0,\"publisher\":{\"@id\":\"https:\\\/\\\/mibricogarden.com\\\/blog\\\/#organization\"},\"image\":{\"@id\":\"https:\\\/\\\/mibricogarden.com\\\/blog\\\/?p=2106#primaryimage\"},\"thumbnailUrl\":\"https:\\\/\\\/mibricogarden.com\\\/blog\\\/wp-content\\\/uploads\\\/2024\\\/10\\\/crear-un-jardin-vertical-en-otono-1-scaled.jpg\",\"keywords\":[\"dise\u00f1o de jardines\",\"jard\u00edn\",\"jardiner\u00eda\",\"proyectos para tu jard\u00edn\"],\"articleSection\":[\"Cuidado de tu jard\u00edn\",\"Jard\u00edn\"],\"inLanguage\":\"es\",\"potentialAction\":[{\"@type\":\"CommentAction\",\"name\":\"Comment\",\"target\":[\"https:\\\/\\\/mibricogarden.com\\\/blog\\\/?p=2106#respond\"]}]},{\"@type\":\"WebPage\",\"@id\":\"https:\\\/\\\/mibricogarden.com\\\/blog\\\/?p=2106\",\"url\":\"https:\\\/\\\/mibricogarden.com\\\/blog\\\/?p=2106\",\"name\":\"Crear un Jard\u00edn Vertical en Oto\u00f1o\",\"isPartOf\":{\"@id\":\"https:\\\/\\\/mibricogarden.com\\\/blog\\\/#website\"},\"primaryImageOfPage\":{\"@id\":\"https:\\\/\\\/mibricogarden.com\\\/blog\\\/?p=2106#primaryimage\"},\"image\":{\"@id\":\"https:\\\/\\\/mibricogarden.com\\\/blog\\\/?p=2106#primaryimage\"},\"thumbnailUrl\":\"https:\\\/\\\/mibricogarden.com\\\/blog\\\/wp-content\\\/uploads\\\/2024\\\/10\\\/crear-un-jardin-vertical-en-otono-1-scaled.jpg\",\"datePublished\":\"2024-10-24T14:33:45+00:00\",\"description\":\"Crea un rinc\u00f3n verde y acogedor este oto\u00f1o con una jard\u00edn vertical. Aprende paso a paso c\u00f3mo crear un jard\u00edn vertical en oto\u00f1o.\",\"breadcrumb\":{\"@id\":\"https:\\\/\\\/mibricogarden.com\\\/blog\\\/?p=2106#breadcrumb\"},\"inLanguage\":\"es\",\"potentialAction\":[{\"@type\":\"ReadAction\",\"target\":[\"https:\\\/\\\/mibricogarden.com\\\/blog\\\/?p=2106\"]}]},{\"@type\":\"ImageObject\",\"inLanguage\":\"es\",\"@id\":\"https:\\\/\\\/mibricogarden.com\\\/blog\\\/?p=2106#primaryimage\",\"url\":\"https:\\\/\\\/mibricogarden.com\\\/blog\\\/wp-content\\\/uploads\\\/2024\\\/10\\\/crear-un-jardin-vertical-en-otono-1-scaled.jpg\",\"contentUrl\":\"https:\\\/\\\/mibricogarden.com\\\/blog\\\/wp-content\\\/uploads\\\/2024\\\/10\\\/crear-un-jardin-vertical-en-otono-1-scaled.jpg\",\"width\":2560,\"height\":1707,\"caption\":\"crear un jard\u00edn vertical en oto\u00f1o\"},{\"@type\":\"BreadcrumbList\",\"@id\":\"https:\\\/\\\/mibricogarden.com\\\/blog\\\/?p=2106#breadcrumb\",\"itemListElement\":[{\"@type\":\"ListItem\",\"position\":1,\"name\":\"Portada\",\"item\":\"https:\\\/\\\/mibricogarden.com\\\/blog\"},{\"@type\":\"ListItem\",\"position\":2,\"name\":\"Crear un Jard\u00edn Vertical en Oto\u00f1o\"}]},{\"@type\":\"WebSite\",\"@id\":\"https:\\\/\\\/mibricogarden.com\\\/blog\\\/#website\",\"url\":\"https:\\\/\\\/mibricogarden.com\\\/blog\\\/\",\"name\":\"El Rinc\u00f3n de Mibricogarden\",\"description\":\"Blog\",\"publisher\":{\"@id\":\"https:\\\/\\\/mibricogarden.com\\\/blog\\\/#organization\"},\"potentialAction\":[{\"@type\":\"SearchAction\",\"target\":{\"@type\":\"EntryPoint\",\"urlTemplate\":\"https:\\\/\\\/mibricogarden.com\\\/blog\\\/?s={search_term_string}\"},\"query-input\":{\"@type\":\"PropertyValueSpecification\",\"valueRequired\":true,\"valueName\":\"search_term_string\"}}],\"inLanguage\":\"es\"},{\"@type\":\"Organization\",\"@id\":\"https:\\\/\\\/mibricogarden.com\\\/blog\\\/#organization\",\"name\":\"El Rinc\u00f3n de Mibricogarden\",\"url\":\"https:\\\/\\\/mibricogarden.com\\\/blog\\\/\",\"logo\":{\"@type\":\"ImageObject\",\"inLanguage\":\"es\",\"@id\":\"https:\\\/\\\/mibricogarden.com\\\/blog\\\/#\\\/schema\\\/logo\\\/image\\\/\",\"url\":\"https:\\\/\\\/mibricogarden.com\\\/blog\\\/wp-content\\\/uploads\\\/2024\\\/05\\\/logotipo_blog_500x2000px.png\",\"contentUrl\":\"https:\\\/\\\/mibricogarden.com\\\/blog\\\/wp-content\\\/uploads\\\/2024\\\/05\\\/logotipo_blog_500x2000px.png\",\"width\":8334,\"height\":2084,\"caption\":\"El Rinc\u00f3n de Mibricogarden\"},\"image\":{\"@id\":\"https:\\\/\\\/mibricogarden.com\\\/blog\\\/#\\\/schema\\\/logo\\\/image\\\/\"},\"sameAs\":[\"https:\\\/\\\/www.facebook.com\\\/p\\\/Mibricogarden-100068009708725\\\/\",\"https:\\\/\\\/www.instagram.com\\\/mibricogarden\\\/\",\"https:\\\/\\\/www.youtube.com\\\/channel\\\/UCEyU4kCOXu18qAC3lDTDtgw\"]},{\"@type\":\"Person\",\"@id\":\"https:\\\/\\\/mibricogarden.com\\\/blog\\\/#\\\/schema\\\/person\\\/be5e5f0e1e95446950f47a181c9ab07b\",\"name\":\"Mibricogarden\",\"image\":{\"@type\":\"ImageObject\",\"inLanguage\":\"es\",\"@id\":\"https:\\\/\\\/secure.gravatar.com\\\/avatar\\\/49f8ff17cb25cc99d276c52c4b50957f2e322a1de0ee48ee5d75833e880d7919?s=96&d=mm&r=g\",\"url\":\"https:\\\/\\\/secure.gravatar.com\\\/avatar\\\/49f8ff17cb25cc99d276c52c4b50957f2e322a1de0ee48ee5d75833e880d7919?s=96&d=mm&r=g\",\"contentUrl\":\"https:\\\/\\\/secure.gravatar.com\\\/avatar\\\/49f8ff17cb25cc99d276c52c4b50957f2e322a1de0ee48ee5d75833e880d7919?s=96&d=mm&r=g\",\"caption\":\"Mibricogarden\"},\"url\":\"https:\\\/\\\/mibricogarden.com\\\/blog\\\/?author=2\"}]}<\/script>\n<!-- \/ Yoast SEO plugin. -->","yoast_head_json":{"title":"Crear un Jard\u00edn Vertical en Oto\u00f1o","description":"Crea un rinc\u00f3n verde y acogedor este oto\u00f1o con una jard\u00edn vertical. Aprende paso a paso c\u00f3mo crear un jard\u00edn vertical en oto\u00f1o.","robots":{"index":"index","follow":"follow","max-snippet":"max-snippet:-1","max-image-preview":"max-image-preview:large","max-video-preview":"max-video-preview:-1"},"canonical":"https:\/\/mibricogarden.com\/blog\/?p=2106","og_locale":"es_ES","og_type":"article","og_title":"Crear un Jard\u00edn Vertical en Oto\u00f1o","og_description":"Crea un rinc\u00f3n verde y acogedor este oto\u00f1o con una jard\u00edn vertical. Aprende paso a paso c\u00f3mo crear un jard\u00edn vertical en oto\u00f1o.","og_url":"https:\/\/mibricogarden.com\/blog\/?p=2106","article_publisher":"https:\/\/www.facebook.com\/p\/Mibricogarden-100068009708725\/","article_published_time":"2024-10-24T14:33:45+00:00","og_image":[{"width":2560,"height":1707,"url":"https:\/\/mibricogarden.com\/blog\/wp-content\/uploads\/2024\/10\/crear-un-jardin-vertical-en-otono-1-scaled.jpg","type":"image\/jpeg"}],"author":"Mibricogarden","twitter_card":"summary_large_image","twitter_misc":{"Escrito por":"Mibricogarden","Tiempo de lectura":"4 minutos"},"schema":{"@context":"https:\/\/schema.org","@graph":[{"@type":"Article","@id":"https:\/\/mibricogarden.com\/blog\/?p=2106#article","isPartOf":{"@id":"https:\/\/mibricogarden.com\/blog\/?p=2106"},"author":{"name":"Mibricogarden","@id":"https:\/\/mibricogarden.com\/blog\/#\/schema\/person\/be5e5f0e1e95446950f47a181c9ab07b"},"headline":"Crear un Jard\u00edn Vertical en Oto\u00f1o","datePublished":"2024-10-24T14:33:45+00:00","mainEntityOfPage":{"@id":"https:\/\/mibricogarden.com\/blog\/?p=2106"},"wordCount":684,"commentCount":0,"publisher":{"@id":"https:\/\/mibricogarden.com\/blog\/#organization"},"image":{"@id":"https:\/\/mibricogarden.com\/blog\/?p=2106#primaryimage"},"thumbnailUrl":"https:\/\/mibricogarden.com\/blog\/wp-content\/uploads\/2024\/10\/crear-un-jardin-vertical-en-otono-1-scaled.jpg","keywords":["dise\u00f1o de jardines","jard\u00edn","jardiner\u00eda","proyectos para tu jard\u00edn"],"articleSection":["Cuidado de tu jard\u00edn","Jard\u00edn"],"inLanguage":"es","potentialAction":[{"@type":"CommentAction","name":"Comment","target":["https:\/\/mibricogarden.com\/blog\/?p=2106#respond"]}]},{"@type":"WebPage","@id":"https:\/\/mibricogarden.com\/blog\/?p=2106","url":"https:\/\/mibricogarden.com\/blog\/?p=2106","name":"Crear un Jard\u00edn Vertical en Oto\u00f1o","isPartOf":{"@id":"https:\/\/mibricogarden.com\/blog\/#website"},"primaryImageOfPage":{"@id":"https:\/\/mibricogarden.com\/blog\/?p=2106#primaryimage"},"image":{"@id":"https:\/\/mibricogarden.com\/blog\/?p=2106#primaryimage"},"thumbnailUrl":"https:\/\/mibricogarden.com\/blog\/wp-content\/uploads\/2024\/10\/crear-un-jardin-vertical-en-otono-1-scaled.jpg","datePublished":"2024-10-24T14:33:45+00:00","description":"Crea un rinc\u00f3n verde y acogedor este oto\u00f1o con una jard\u00edn vertical. Aprende paso a paso c\u00f3mo crear un jard\u00edn vertical en oto\u00f1o.","breadcrumb":{"@id":"https:\/\/mibricogarden.com\/blog\/?p=2106#breadcrumb"},"inLanguage":"es","potentialAction":[{"@type":"ReadAction","target":["https:\/\/mibricogarden.com\/blog\/?p=2106"]}]},{"@type":"ImageObject","inLanguage":"es","@id":"https:\/\/mibricogarden.com\/blog\/?p=2106#primaryimage","url":"https:\/\/mibricogarden.com\/blog\/wp-content\/uploads\/2024\/10\/crear-un-jardin-vertical-en-otono-1-scaled.jpg","contentUrl":"https:\/\/mibricogarden.com\/blog\/wp-content\/uploads\/2024\/10\/crear-un-jardin-vertical-en-otono-1-scaled.jpg","width":2560,"height":1707,"caption":"crear un jard\u00edn vertical en oto\u00f1o"},{"@type":"BreadcrumbList","@id":"https:\/\/mibricogarden.com\/blog\/?p=2106#breadcrumb","itemListElement":[{"@type":"ListItem","position":1,"name":"Portada","item":"https:\/\/mibricogarden.com\/blog"},{"@type":"ListItem","position":2,"name":"Crear un Jard\u00edn Vertical en Oto\u00f1o"}]},{"@type":"WebSite","@id":"https:\/\/mibricogarden.com\/blog\/#website","url":"https:\/\/mibricogarden.com\/blog\/","name":"El Rinc\u00f3n de Mibricogarden","description":"Blog","publisher":{"@id":"https:\/\/mibricogarden.com\/blog\/#organization"},"potentialAction":[{"@type":"SearchAction","target":{"@type":"EntryPoint","urlTemplate":"https:\/\/mibricogarden.com\/blog\/?s={search_term_string}"},"query-input":{"@type":"PropertyValueSpecification","valueRequired":true,"valueName":"search_term_string"}}],"inLanguage":"es"},{"@type":"Organization","@id":"https:\/\/mibricogarden.com\/blog\/#organization","name":"El Rinc\u00f3n de Mibricogarden","url":"https:\/\/mibricogarden.com\/blog\/","logo":{"@type":"ImageObject","inLanguage":"es","@id":"https:\/\/mibricogarden.com\/blog\/#\/schema\/logo\/image\/","url":"https:\/\/mibricogarden.com\/blog\/wp-content\/uploads\/2024\/05\/logotipo_blog_500x2000px.png","contentUrl":"https:\/\/mibricogarden.com\/blog\/wp-content\/uploads\/2024\/05\/logotipo_blog_500x2000px.png","width":8334,"height":2084,"caption":"El Rinc\u00f3n de Mibricogarden"},"image":{"@id":"https:\/\/mibricogarden.com\/blog\/#\/schema\/logo\/image\/"},"sameAs":["https:\/\/www.facebook.com\/p\/Mibricogarden-100068009708725\/","https:\/\/www.instagram.com\/mibricogarden\/","https:\/\/www.youtube.com\/channel\/UCEyU4kCOXu18qAC3lDTDtgw"]},{"@type":"Person","@id":"https:\/\/mibricogarden.com\/blog\/#\/schema\/person\/be5e5f0e1e95446950f47a181c9ab07b","name":"Mibricogarden","image":{"@type":"ImageObject","inLanguage":"es","@id":"https:\/\/secure.gravatar.com\/avatar\/49f8ff17cb25cc99d276c52c4b50957f2e322a1de0ee48ee5d75833e880d7919?s=96&d=mm&r=g","url":"https:\/\/secure.gravatar.com\/avatar\/49f8ff17cb25cc99d276c52c4b50957f2e322a1de0ee48ee5d75833e880d7919?s=96&d=mm&r=g","contentUrl":"https:\/\/secure.gravatar.com\/avatar\/49f8ff17cb25cc99d276c52c4b50957f2e322a1de0ee48ee5d75833e880d7919?s=96&d=mm&r=g","caption":"Mibricogarden"},"url":"https:\/\/mibricogarden.com\/blog\/?author=2"}]}},"_links":{"self":[{"href":"https:\/\/mibricogarden.com\/blog\/index.php?rest_route=\/wp\/v2\/posts\/2106","targetHints":{"allow":["GET"]}}],"collection":[{"href":"https:\/\/mibricogarden.com\/blog\/index.php?rest_route=\/wp\/v2\/posts"}],"about":[{"href":"https:\/\/mibricogarden.com\/blog\/index.php?rest_route=\/wp\/v2\/types\/post"}],"author":[{"embeddable":true,"href":"https:\/\/mibricogarden.com\/blog\/index.php?rest_route=\/wp\/v2\/users\/2"}],"replies":[{"embeddable":true,"href":"https:\/\/mibricogarden.com\/blog\/index.php?rest_route=%2Fwp%2Fv2%2Fcomments&post=2106"}],"version-history":[{"count":10,"href":"https:\/\/mibricogarden.com\/blog\/index.php?rest_route=\/wp\/v2\/posts\/2106\/revisions"}],"predecessor-version":[{"id":2118,"href":"https:\/\/mibricogarden.com\/blog\/index.php?rest_route=\/wp\/v2\/posts\/2106\/revisions\/2118"}],"wp:featuredmedia":[{"embeddable":true,"href":"https:\/\/mibricogarden.com\/blog\/index.php?rest_route=\/wp\/v2\/media\/2115"}],"wp:attachment":[{"href":"https:\/\/mibricogarden.com\/blog\/index.php?rest_route=%2Fwp%2Fv2%2Fmedia&parent=2106"}],"wp:term":[{"taxonomy":"category","embeddable":true,"href":"https:\/\/mibricogarden.com\/blog\/index.php?rest_route=%2Fwp%2Fv2%2Fcategories&post=2106"},{"taxonomy":"post_tag","embeddable":true,"href":"https:\/\/mibricogarden.com\/blog\/index.php?rest_route=%2Fwp%2Fv2%2Ftags&post=2106"}],"curies":[{"name":"wp","href":"https:\/\/api.w.org\/{rel}","templated":true}]}}